{"id":6038,"date":"2024-04-02T15:51:38","date_gmt":"2024-04-02T19:51:38","guid":{"rendered":"https:\/\/radioclube.org.br\/?p=6038"},"modified":"2024-04-02T15:51:40","modified_gmt":"2024-04-02T19:51:40","slug":"aberto-para-torcida-radio-clube-tera-final-da-copa-verao-nesta-terca","status":"publish","type":"post","link":"https:\/\/radioclube.org.br\/?p=6038","title":{"rendered":"Aberto para torcida, R\u00e1dio Clube ter\u00e1 final da Copa Ver\u00e3o nesta ter\u00e7a"},"content":{"rendered":"\n<p>A 1\u00aa edi\u00e7\u00e3o da Copa Ver\u00e3o de Futebol do R\u00e1dio Clube terminar\u00e1 nesta ter\u00e7a-feira (2). A competi\u00e7\u00e3o era para ser finalizada em 2023, mas teve problemas por conta de interdi\u00e7\u00e3o do gramado do clube e dias chuvosos. <\/p>\n\n\n\n<p>Por\u00e9m, hoje acontecer\u00e3o as finais no campo do R\u00e1dio Clube de Campo Grande, localizado na Avenida Torus Puxian, no bairro Vila Morumbi. O evento \u00e9 aberto para quem quiser prestigiar e gratuita a entrada.<\/p>\n\n\n\n<p>Desde novembro at\u00e9 agora, a competi\u00e7\u00e3o reuniu jogadores na categoria hiper m\u00e1ster (55 anos) e m\u00e1ster (40 anos). Diferente das tradicionais Copa da Madrugada e Copa Sabad\u00e3o, os times j\u00e1 s\u00e3o formados de forma pr\u00e9via.<\/p>\n\n\n\n<p>A final da hiper m\u00e1ster \u00e9 a primeira com a bola rolando a partir das 19h30 entre Picapau-Sicredi contra o R\u00e1dio Clube. A decis\u00e3o \u00e9 em jogo \u00fanico. Em caso de empate, jogo vai aos p\u00eanaltis.<\/p>\n\n\n\n<p>Nas semifinais, o Picapau eliminou a equipe do Sarau do Hocker por 4 a 3. J\u00e1 o R\u00e1dio Clube fez 2 a 0 sobre o Classe A Nipo. Pela categoria m\u00e1ster, o R\u00e1dio Clube tamb\u00e9m est\u00e1 presente na final e jogar\u00e1 diante da Associa\u00e7\u00e3o M\u00e9dica. A bola deve rolar a partir das 20h30.<\/p>\n\n\n\n<p> CREDITO: CAMPO GRANDE NEWS<\/p>\n\n\n\n<figure class=\"wp-block-gallery has-nested-images columns-default is-cropped wp-block-gallery-1 is-layout-flex wp-block-gallery-is-layout-flex\">\n<figure class=\"wp-block-image size-large\"><img fetchpriority=\"high\" decoding=\"async\" width=\"1024\" height=\"461\" data-id=\"6039\" src=\"https:\/\/radioclube.org.br\/wp-content\/uploads\/2024\/04\/2s9ybmgo1r0gg.webp\" alt=\"\" class=\"wp-image-6039\" srcset=\"https:\/\/radioclube.org.br\/wp-content\/uploads\/2024\/04\/2s9ybmgo1r0gg.webp 1024w, https:\/\/radioclube.org.br\/wp-content\/uploads\/2024\/04\/2s9ybmgo1r0gg-300x135.webp 300w, https:\/\/radioclube.org.br\/wp-content\/uploads\/2024\/04\/2s9ybmgo1r0gg-768x346.webp 768w\" sizes=\"(max-width: 1024px) 100vw, 1024px\" \/><\/figure>\n<\/figure>\n\n    <div class=\"xs_social_share_widget xs_share_url after_content \t\tmain_content  wslu-style-1 wslu-share-box-shaped wslu-fill-colored wslu-none wslu-share-horizontal wslu-theme-font-yes wslu-main_content\">\n\n\t\t\n        <ul>\n\t\t\t                    <li class=\"xs-share-li facebook                        wslu-no-extra-data\">\n                        <a href=\"javascript:void(0);\"\n                           id=\"xs_feed_facebook\"\n                           onclick=\"xs_social_sharer(this);\"\n                           data-pid=\"6038\"\n                           data-uri_hash=\"dd30705b346b7ca9b302822d915a5c3e\"\n                           data-key=\"facebook\"\n                           data-xs-href=\"http:\/\/www.facebook.com\/sharer.php?u=https%3A%2F%2Fradioclube.org.br%2Findex.php%3Frest_route%3D%252Fwp%252Fv2%252Fposts%252F6038&amp;t=Aberto+para+torcida%2C+R%C3%A1dio+Clube+ter%C3%A1+final+da+Copa+Ver%C3%A3o+nesta+ter%C3%A7a&amp;v=3\">\n\n                            <div class=\"xs-social-icon\">\n                                <span class=\"met-social met-social-facebook\"><\/span>\n                            <\/div>\n\n\t\t\t\t\t\t\t\n                            <div class=\"wslu-hover-content\">\n                                <div class=\"xs-social-followers\">\n\t\t\t\t\t\t\t\t\t0                                <\/div>\n                                <div class=\"xs-social-follower-text\">\n\t\t\t\t\t\t\t\t\tShare                                <\/div>\n                                <div class=\"xs-social-follower-label\">\n\t\t\t\t\t\t\t\t\tFacebook                                <\/div>\n                            <\/div>\n                        <\/a>\n                    <\/li>\n\t\t\t\t\t        <\/ul>\n    <\/div> \n","protected":false},"excerpt":{"rendered":"<p>A 1\u00aa edi\u00e7\u00e3o da Copa Ver\u00e3o de Futebol do R\u00e1dio Clube terminar\u00e1 nesta ter\u00e7a-feira (2). A competi\u00e7\u00e3o era para ser finalizada em 2023, mas teve problemas por conta de interdi\u00e7\u00e3o do gramado do clube e dias chuvosos. Por\u00e9m, hoje acontecer\u00e3o as finais no campo do R\u00e1dio Clube de Campo Grande, localizado na Avenida Torus Puxian,<span class=\"post-excerpt-end\">&hellip;<\/span><\/p>\n<p class=\"more-link\"><a href=\"https:\/\/radioclube.org.br\/?p=6038\" class=\"themebutton\">Read More<\/a><\/p>\n","protected":false},"author":2,"featured_media":0,"comment_status":"closed","ping_status":"closed","sticky":false,"template":"","format":"gallery","meta":{"two_page_speed":[],"footnotes":""},"categories":[1],"tags":[],"class_list":["post-6038","post","type-post","status-publish","format-gallery","hentry","category-rc-eventos","post_format-post-format-gallery"],"_links":{"self":[{"href":"https:\/\/radioclube.org.br\/index.php?rest_route=\/wp\/v2\/posts\/6038","targetHints":{"allow":["GET"]}}],"collection":[{"href":"https:\/\/radioclube.org.br\/index.php?rest_route=\/wp\/v2\/posts"}],"about":[{"href":"https:\/\/radioclube.org.br\/index.php?rest_route=\/wp\/v2\/types\/post"}],"author":[{"embeddable":true,"href":"https:\/\/radioclube.org.br\/index.php?rest_route=\/wp\/v2\/users\/2"}],"replies":[{"embeddable":true,"href":"https:\/\/radioclube.org.br\/index.php?rest_route=%2Fwp%2Fv2%2Fcomments&post=6038"}],"version-history":[{"count":1,"href":"https:\/\/radioclube.org.br\/index.php?rest_route=\/wp\/v2\/posts\/6038\/revisions"}],"predecessor-version":[{"id":6040,"href":"https:\/\/radioclube.org.br\/index.php?rest_route=\/wp\/v2\/posts\/6038\/revisions\/6040"}],"wp:attachment":[{"href":"https:\/\/radioclube.org.br\/index.php?rest_route=%2Fwp%2Fv2%2Fmedia&parent=6038"}],"wp:term":[{"taxonomy":"category","embeddable":true,"href":"https:\/\/radioclube.org.br\/index.php?rest_route=%2Fwp%2Fv2%2Fcategories&post=6038"},{"taxonomy":"post_tag","embeddable":true,"href":"https:\/\/radioclube.org.br\/index.php?rest_route=%2Fwp%2Fv2%2Ftags&post=6038"}],"curies":[{"name":"wp","href":"https:\/\/api.w.org\/{rel}","templated":true}]}}